{"id":989,"date":"2018-03-09T14:12:54","date_gmt":"2018-03-09T13:12:54","guid":{"rendered":"https:\/\/chaire-eti.org\/prix-convergences-2018-appel-a-candidatures\/"},"modified":"2018-03-09T15:04:34","modified_gmt":"2018-03-09T14:04:34","slug":"prix-convergences-2018-appel-a-candidatures","status":"publish","type":"post","link":"https:\/\/chaire-eti.org\/en\/prix-convergences-2018-appel-a-candidatures\/","title":{"rendered":"Prix Convergences 2018 &#8211; Appel \u00e0 candidatures"},"content":{"rendered":"<p>[et_pb_section bb_built=&#8221;1&#8243;][et_pb_row][et_pb_column type=&#8221;4_4&#8243;][et_pb_text _builder_version=&#8221;3.0.106&#8243; background_layout=&#8221;light&#8221;]<\/p>\n<p>Vous menez un projet \u00e0 fort impact social ou environnemental ? Ce projet est le fruit d&#8217;un partenariat entre un acteur solidaire ou une organisation acad\u00e9mique et un ou plusieurs acteurs priv\u00e9s ou publics? Votre projet est en lien avec un des Objectifs de d\u00e9veloppement durable suivants ?<\/p>\n<p><a href=\"http:\/\/prix-convergences.convergences.org\/fr\/\" rel=\"noopener\" target=\"_blank\">Candidatez en ligne<\/a> jusqu&#8217;au 25 mars et devenez le prochain Laur\u00e9at des <a href=\"http:\/\/www.convergences.org\/nos-projets\/prix-convergences\/\" rel=\"noopener\" target=\"_blank\">Prix Convergences<\/a> !<\/p>\n<p>[\/et_pb_text][\/et_pb_column][\/et_pb_row][\/et_pb_section]<\/p>\n","protected":false},"excerpt":{"rendered":"<p><div class=\"et_pb_row et_pb_row_0 et_pb_row_empty\">\n\t\t\t\t\n\t\t\t\t\n\t\t\t\t\n\t\t\t\t\n\t\t\t\t\n\t\t\t<\/div> Vous menez un projet \u00e0 fort impact social ou environnemental ? Ce projet est le fruit d&#8217;un partenariat entre un acteur solidaire ou une organisation acad\u00e9mique et un ou plusieurs acteurs priv\u00e9s ou publics? Votre projet est en lien avec un des Objectifs de d\u00e9veloppement durable suivants ? Candidatez en ligne jusqu&#8217;au 25 mars [&hellip;]<\/p>\n","protected":false},"author":1,"featured_media":987,"comment_status":"open","ping_status":"open","sticky":false,"template":"","format":"standard","meta":{"_et_pb_use_builder":"on","_et_pb_old_content":"","_et_gb_content_width":"","_mi_skip_tracking":false},"categories":[17],"tags":[],"yoast_head":"<!-- This site is optimized with the Yoast SEO plugin v19.2 - https:\/\/yoast.com\/wordpress\/plugins\/seo\/ -->\n<title>Prix Convergences 2018 - Appel \u00e0 candidatures - Chaire ETI<\/title>\n<meta name=\"robots\" content=\"index, follow, max-snippet:-1, max-image-preview:large, max-video-preview:-1\" \/>\n<link rel=\"canonical\" href=\"https:\/\/chaire-eti.org\/en\/prix-convergences-2018-appel-a-candidatures\/\" \/>\n<meta property=\"og:locale\" content=\"en_US\" \/>\n<meta property=\"og:type\" content=\"article\" \/>\n<meta property=\"og:title\" content=\"Prix Convergences 2018 - Appel \u00e0 candidatures - Chaire ETI\" \/>\n<meta property=\"og:description\" content=\"Vous menez un projet \u00e0 fort impact social ou environnemental ? Ce projet est le fruit d&#039;un partenariat entre un acteur solidaire ou une organisation acad\u00e9mique et un ou plusieurs acteurs priv\u00e9s ou publics? Votre projet est en lien avec un des Objectifs de d\u00e9veloppement durable suivants ? Candidatez en ligne jusqu&#039;au 25 mars [&hellip;]\" \/>\n<meta property=\"og:url\" content=\"https:\/\/chaire-eti.org\/en\/prix-convergences-2018-appel-a-candidatures\/\" \/>\n<meta property=\"og:site_name\" content=\"Chaire ETI\" \/>\n<meta property=\"article:published_time\" content=\"2018-03-09T13:12:54+00:00\" \/>\n<meta property=\"article:modified_time\" content=\"2018-03-09T14:04:34+00:00\" \/>\n<meta property=\"og:image\" content=\"https:\/\/chaire-eti.org\/wp-content\/uploads\/2018\/03\/chaire-eti-convergences.jpg\" \/>\n\t<meta property=\"og:image:width\" content=\"1920\" \/>\n\t<meta property=\"og:image:height\" content=\"1080\" \/>\n\t<meta property=\"og:image:type\" content=\"image\/jpeg\" \/>\n<meta name=\"author\" content=\"admin9390\" \/>\n<meta name=\"twitter:card\" content=\"summary_large_image\" \/>\n<meta name=\"twitter:label1\" content=\"Written by\" \/>\n\t<meta name=\"twitter:data1\" content=\"admin9390\" \/>\n<script type=\"application\/ld+json\" class=\"yoast-schema-graph\">{\"@context\":\"https:\/\/schema.org\",\"@graph\":[{\"@type\":\"WebSite\",\"@id\":\"https:\/\/chaire-eti.org\/#website\",\"url\":\"https:\/\/chaire-eti.org\/\",\"name\":\"Chaire ETI\",\"description\":\"Entrepreneuriat, Territoire, Innovation\",\"potentialAction\":[{\"@type\":\"SearchAction\",\"target\":{\"@type\":\"EntryPoint\",\"urlTemplate\":\"https:\/\/chaire-eti.org\/?s={search_term_string}\"},\"query-input\":\"required name=search_term_string\"}],\"inLanguage\":\"en-US\"},{\"@type\":\"ImageObject\",\"inLanguage\":\"en-US\",\"@id\":\"https:\/\/chaire-eti.org\/en\/prix-convergences-2018-appel-a-candidatures\/#primaryimage\",\"url\":\"https:\/\/chaire-eti.org\/wp-content\/uploads\/2018\/03\/chaire-eti-convergences.jpg\",\"contentUrl\":\"https:\/\/chaire-eti.org\/wp-content\/uploads\/2018\/03\/chaire-eti-convergences.jpg\",\"width\":1920,\"height\":1080},{\"@type\":\"WebPage\",\"@id\":\"https:\/\/chaire-eti.org\/en\/prix-convergences-2018-appel-a-candidatures\/#webpage\",\"url\":\"https:\/\/chaire-eti.org\/en\/prix-convergences-2018-appel-a-candidatures\/\",\"name\":\"Prix Convergences 2018 - Appel \u00e0 candidatures - Chaire ETI\",\"isPartOf\":{\"@id\":\"https:\/\/chaire-eti.org\/#website\"},\"primaryImageOfPage\":{\"@id\":\"https:\/\/chaire-eti.org\/en\/prix-convergences-2018-appel-a-candidatures\/#primaryimage\"},\"datePublished\":\"2018-03-09T13:12:54+00:00\",\"dateModified\":\"2018-03-09T14:04:34+00:00\",\"author\":{\"@id\":\"https:\/\/chaire-eti.org\/#\/schema\/person\/ade00a4c2ce026955b81bcceee838cf5\"},\"breadcrumb\":{\"@id\":\"https:\/\/chaire-eti.org\/en\/prix-convergences-2018-appel-a-candidatures\/#breadcrumb\"},\"inLanguage\":\"en-US\",\"potentialAction\":[{\"@type\":\"ReadAction\",\"target\":[\"https:\/\/chaire-eti.org\/en\/prix-convergences-2018-appel-a-candidatures\/\"]}]},{\"@type\":\"BreadcrumbList\",\"@id\":\"https:\/\/chaire-eti.org\/en\/prix-convergences-2018-appel-a-candidatures\/#breadcrumb\",\"itemListElement\":[{\"@type\":\"ListItem\",\"position\":1,\"name\":\"Accueil\",\"item\":\"https:\/\/chaire-eti.org\/en\/\"},{\"@type\":\"ListItem\",\"position\":2,\"name\":\"Prix Convergences 2018 &#8211; Appel \u00e0 candidatures\"}]},{\"@type\":\"Person\",\"@id\":\"https:\/\/chaire-eti.org\/#\/schema\/person\/ade00a4c2ce026955b81bcceee838cf5\",\"name\":\"admin9390\",\"image\":{\"@type\":\"ImageObject\",\"inLanguage\":\"en-US\",\"@id\":\"https:\/\/chaire-eti.org\/#\/schema\/person\/image\/\",\"url\":\"https:\/\/secure.gravatar.com\/avatar\/c187b5a488a39810a4b4911d2072ee51?s=96&d=mm&r=g\",\"contentUrl\":\"https:\/\/secure.gravatar.com\/avatar\/c187b5a488a39810a4b4911d2072ee51?s=96&d=mm&r=g\",\"caption\":\"admin9390\"},\"url\":\"https:\/\/chaire-eti.org\/en\/author\/admin9390\/\"}]}<\/script>\n<!-- \/ Yoast SEO plugin. -->","yoast_head_json":{"title":"Prix Convergences 2018 - Appel \u00e0 candidatures - Chaire ETI","robots":{"index":"index","follow":"follow","max-snippet":"max-snippet:-1","max-image-preview":"max-image-preview:large","max-video-preview":"max-video-preview:-1"},"canonical":"https:\/\/chaire-eti.org\/en\/prix-convergences-2018-appel-a-candidatures\/","og_locale":"en_US","og_type":"article","og_title":"Prix Convergences 2018 - Appel \u00e0 candidatures - Chaire ETI","og_description":"Vous menez un projet \u00e0 fort impact social ou environnemental ? Ce projet est le fruit d'un partenariat entre un acteur solidaire ou une organisation acad\u00e9mique et un ou plusieurs acteurs priv\u00e9s ou publics? Votre projet est en lien avec un des Objectifs de d\u00e9veloppement durable suivants ? Candidatez en ligne jusqu'au 25 mars [&hellip;]","og_url":"https:\/\/chaire-eti.org\/en\/prix-convergences-2018-appel-a-candidatures\/","og_site_name":"Chaire ETI","article_published_time":"2018-03-09T13:12:54+00:00","article_modified_time":"2018-03-09T14:04:34+00:00","og_image":[{"width":1920,"height":1080,"url":"https:\/\/chaire-eti.org\/wp-content\/uploads\/2018\/03\/chaire-eti-convergences.jpg","type":"image\/jpeg"}],"author":"admin9390","twitter_card":"summary_large_image","twitter_misc":{"Written by":"admin9390"},"schema":{"@context":"https:\/\/schema.org","@graph":[{"@type":"WebSite","@id":"https:\/\/chaire-eti.org\/#website","url":"https:\/\/chaire-eti.org\/","name":"Chaire ETI","description":"Entrepreneuriat, Territoire, Innovation","potentialAction":[{"@type":"SearchAction","target":{"@type":"EntryPoint","urlTemplate":"https:\/\/chaire-eti.org\/?s={search_term_string}"},"query-input":"required name=search_term_string"}],"inLanguage":"en-US"},{"@type":"ImageObject","inLanguage":"en-US","@id":"https:\/\/chaire-eti.org\/en\/prix-convergences-2018-appel-a-candidatures\/#primaryimage","url":"https:\/\/chaire-eti.org\/wp-content\/uploads\/2018\/03\/chaire-eti-convergences.jpg","contentUrl":"https:\/\/chaire-eti.org\/wp-content\/uploads\/2018\/03\/chaire-eti-convergences.jpg","width":1920,"height":1080},{"@type":"WebPage","@id":"https:\/\/chaire-eti.org\/en\/prix-convergences-2018-appel-a-candidatures\/#webpage","url":"https:\/\/chaire-eti.org\/en\/prix-convergences-2018-appel-a-candidatures\/","name":"Prix Convergences 2018 - Appel \u00e0 candidatures - Chaire ETI","isPartOf":{"@id":"https:\/\/chaire-eti.org\/#website"},"primaryImageOfPage":{"@id":"https:\/\/chaire-eti.org\/en\/prix-convergences-2018-appel-a-candidatures\/#primaryimage"},"datePublished":"2018-03-09T13:12:54+00:00","dateModified":"2018-03-09T14:04:34+00:00","author":{"@id":"https:\/\/chaire-eti.org\/#\/schema\/person\/ade00a4c2ce026955b81bcceee838cf5"},"breadcrumb":{"@id":"https:\/\/chaire-eti.org\/en\/prix-convergences-2018-appel-a-candidatures\/#breadcrumb"},"inLanguage":"en-US","potentialAction":[{"@type":"ReadAction","target":["https:\/\/chaire-eti.org\/en\/prix-convergences-2018-appel-a-candidatures\/"]}]},{"@type":"BreadcrumbList","@id":"https:\/\/chaire-eti.org\/en\/prix-convergences-2018-appel-a-candidatures\/#breadcrumb","itemListElement":[{"@type":"ListItem","position":1,"name":"Accueil","item":"https:\/\/chaire-eti.org\/en\/"},{"@type":"ListItem","position":2,"name":"Prix Convergences 2018 &#8211; Appel \u00e0 candidatures"}]},{"@type":"Person","@id":"https:\/\/chaire-eti.org\/#\/schema\/person\/ade00a4c2ce026955b81bcceee838cf5","name":"admin9390","image":{"@type":"ImageObject","inLanguage":"en-US","@id":"https:\/\/chaire-eti.org\/#\/schema\/person\/image\/","url":"https:\/\/secure.gravatar.com\/avatar\/c187b5a488a39810a4b4911d2072ee51?s=96&d=mm&r=g","contentUrl":"https:\/\/secure.gravatar.com\/avatar\/c187b5a488a39810a4b4911d2072ee51?s=96&d=mm&r=g","caption":"admin9390"},"url":"https:\/\/chaire-eti.org\/en\/author\/admin9390\/"}]}},"_links":{"self":[{"href":"https:\/\/chaire-eti.org\/en\/wp-json\/wp\/v2\/posts\/989\/"}],"collection":[{"href":"https:\/\/chaire-eti.org\/en\/wp-json\/wp\/v2\/posts\/"}],"about":[{"href":"https:\/\/chaire-eti.org\/en\/wp-json\/wp\/v2\/types\/post\/"}],"author":[{"embeddable":true,"href":"https:\/\/chaire-eti.org\/en\/wp-json\/wp\/v2\/users\/1\/"}],"replies":[{"embeddable":true,"href":"https:\/\/chaire-eti.org\/en\/wp-json\/wp\/v2\/comments\/?post=989"}],"version-history":[{"count":1,"href":"https:\/\/chaire-eti.org\/en\/wp-json\/wp\/v2\/posts\/989\/revisions\/"}],"predecessor-version":[{"id":990,"href":"https:\/\/chaire-eti.org\/en\/wp-json\/wp\/v2\/posts\/989\/revisions\/990\/"}],"wp:featuredmedia":[{"embeddable":true,"href":"https:\/\/chaire-eti.org\/en\/wp-json\/wp\/v2\/media\/987\/"}],"wp:attachment":[{"href":"https:\/\/chaire-eti.org\/en\/wp-json\/wp\/v2\/media\/?parent=989"}],"wp:term":[{"taxonomy":"category","embeddable":true,"href":"https:\/\/chaire-eti.org\/en\/wp-json\/wp\/v2\/categories\/?post=989"},{"taxonomy":"post_tag","embeddable":true,"href":"https:\/\/chaire-eti.org\/en\/wp-json\/wp\/v2\/tags\/?post=989"}],"curies":[{"name":"wp","href":"https:\/\/api.w.org\/{rel}","templated":true}]}}